{"id":370,"date":"2026-02-02T11:20:25","date_gmt":"2026-02-02T09:20:25","guid":{"rendered":"https:\/\/slicalarasi.ro\/?p=370"},"modified":"2026-02-02T11:20:25","modified_gmt":"2026-02-02T09:20:25","slug":"anunt","status":"publish","type":"post","link":"https:\/\/slicalarasi.ro\/?p=370","title":{"rendered":"Anun\u021b !!"},"content":{"rendered":"<p style=\"text-align: justify;\">\u203c\ufe0fMIERCURI, 4 FEBRUARIE 2026, \u00een intervalul orar 12.00-13.30, are loc o ac\u021biune de protest la Guvernul Rom\u00e2niei, cu participarea a peste 2000 de persoane.<br \/>\n\u203c\ufe0f Avem nevoie de mobilizare. Trebuie s\u0103 particip\u0103m, \u00een num\u0103r c\u00e2t mai mare la protest.<br \/>\n\u203c\ufe0fProtest\u0103m \u00eempotriva m\u0103surilor anti-educatie luate de Guvernul Bolojan \u0219i solicit\u0103m abrogarea acestora:<br \/>\n&#8211; Revenirea la norma didactic\u0103 pentru \u00eenv\u0103\u021b\u0103tori, profesori, directori \u0219i inspectori, a\u0219a cum era \u00een Legea \u00eenv\u0103\u021b\u0103m\u00e2ntului preuniversitar nr. 198\/2023;<br \/>\n&#8211; Revenirea la num\u0103rul de elevi \u00een clase, a\u0219a cum era \u00eenainte de m\u0103surile de austeritate;<br \/>\n&#8211; Plata cu ora sa se fac\u0103 la nivelul corespunz\u0103tor studiilor \u0219i nu la nivel de muncitor necalificat;<br \/>\n* Sus\u021binerea cu burse a elevilor \u0219i studen\u021bilor, a\u0219a cum a fost \u00een legea \u00eenv\u0103\u021b\u0103m\u00e2ntului preuniversitar.<br \/>\n\u203c\ufe0fURM\u0102RILE M\u0102SURILOR ANTI-EDUCATIE ALE GUVERNULUI BOLOJAN:<br \/>\n-Degradarea calit\u0103\u021bii actului educa\u021bional;<br \/>\n-Imposibilitatea real\u0103 de a lucra individualizat cu elevii;<br \/>\n-Cre\u0219terea riscului de e\u0219ec \u0219i abandon \u0219colar;<br \/>\n-Dispari\u021bia unui num\u0103r semnificativ de posturi didactice ca urmare a reducerii num\u0103rului de clase\/grupe.<\/p>\n<p style=\"text-align: justify;\">Potrivit estim\u0103rilor, peste 2.000 de posturi sunt puse \u00een pericol doar prin cre\u0219terea num\u0103rului de elevi la clas\u0103, direc\u021bia de reducere a cheltuielilor cu personalul din educa\u021bie fiind una evident\u0103 \u0219i constant\u0103.<\/p>\n","protected":false},"excerpt":{"rendered":"<p>\u203c\ufe0fMIERCURI, 4 FEBRUARIE 2026, \u00een intervalul orar 12.00-13.30, are loc o ac\u021biune de protest la Guvernul Rom\u00e2niei, cu participarea a peste 2000 [&hellip;]<\/p>\n","protected":false},"author":1,"featured_media":0,"comment_status":"closed","ping_status":"closed","sticky":false,"template":"","format":"standard","meta":{"footnotes":""},"categories":[1],"tags":[],"class_list":["post-370","post","type-post","status-publish","format-standard","hentry","category-noutati"],"_links":{"self":[{"href":"https:\/\/slicalarasi.ro\/index.php?rest_route=\/wp\/v2\/posts\/370","targetHints":{"allow":["GET"]}}],"collection":[{"href":"https:\/\/slicalarasi.ro\/index.php?rest_route=\/wp\/v2\/posts"}],"about":[{"href":"https:\/\/slicalarasi.ro\/index.php?rest_route=\/wp\/v2\/types\/post"}],"author":[{"embeddable":true,"href":"https:\/\/slicalarasi.ro\/index.php?rest_route=\/wp\/v2\/users\/1"}],"replies":[{"embeddable":true,"href":"https:\/\/slicalarasi.ro\/index.php?rest_route=%2Fwp%2Fv2%2Fcomments&post=370"}],"version-history":[{"count":1,"href":"https:\/\/slicalarasi.ro\/index.php?rest_route=\/wp\/v2\/posts\/370\/revisions"}],"predecessor-version":[{"id":371,"href":"https:\/\/slicalarasi.ro\/index.php?rest_route=\/wp\/v2\/posts\/370\/revisions\/371"}],"wp:attachment":[{"href":"https:\/\/slicalarasi.ro\/index.php?rest_route=%2Fwp%2Fv2%2Fmedia&parent=370"}],"wp:term":[{"taxonomy":"category","embeddable":true,"href":"https:\/\/slicalarasi.ro\/index.php?rest_route=%2Fwp%2Fv2%2Fcategories&post=370"},{"taxonomy":"post_tag","embeddable":true,"href":"https:\/\/slicalarasi.ro\/index.php?rest_route=%2Fwp%2Fv2%2Ftags&post=370"}],"curies":[{"name":"wp","href":"https:\/\/api.w.org\/{rel}","templated":true}]}}